{"id":4909,"date":"2025-10-08T16:52:33","date_gmt":"2025-10-08T14:52:33","guid":{"rendered":"https:\/\/com-n-connect.fr\/?p=4909"},"modified":"2025-10-08T16:53:02","modified_gmt":"2025-10-08T14:53:02","slug":"objets-publicitaires-personnalises-pevele-orchies","status":"publish","type":"post","link":"https:\/\/com-n-connect.fr\/index.php\/2025\/10\/08\/objets-publicitaires-personnalises-pevele-orchies\/","title":{"rendered":"\u276f Objets publicitaires personnalis\u00e9s dans la P\u00e9v\u00e8le \u00e0 Orchies : valorisez votre image locale"},"content":{"rendered":"<h2>Des objets publicitaires personnalis\u00e9s pour tous les professionnels<\/h2>\n<p>Les <strong>objets publicitaires personnalis\u00e9s<\/strong> sont de puissants outils de communication pour votre activit\u00e9 \u00e0 Orchies, en P\u00e9v\u00e8le ou ailleurs.<br \/>\nIls renforcent votre notori\u00e9t\u00e9, fid\u00e9lisent vos clients et valorisent votre marque.<br \/>\nInstall\u00e9e \u00e0 <strong>Orchies<\/strong>, au c\u0153ur de la <strong>P\u00e9v\u00e8le<\/strong>, notre agence propose une large gamme de produits personnalis\u00e9s destin\u00e9s aux <strong>TPE, PME, associations et collectivit\u00e9s<\/strong> des <strong>Hauts-de-France<\/strong>.<br \/>\nChaque cr\u00e9ation refl\u00e8te vos couleurs et transmet votre message avec impact.<\/p>\n<h2>Une offre compl\u00e8te pour les entreprises et associations locales<\/h2>\n<p>Nous concevons des <strong>objets publicitaires sur mesure<\/strong> pour r\u00e9pondre \u00e0 tous les besoins : stylos, cl\u00e9s USB, textiles, mugs, sacs, calendriers, gourdes, carnets et plus encore.<br \/>\nChaque support devient un vecteur de communication efficace.<br \/>\nNos \u00e9quipes assurent un suivi personnalis\u00e9, de la conception graphique \u00e0 la livraison.<\/p>\n<h3>Des objets \u00e0 votre image<\/h3>\n<p>Un bon objet publicitaire doit marquer les esprits.<br \/>\nNous cr\u00e9ons des visuels uniques, adapt\u00e9s \u00e0 votre secteur et \u00e0 votre identit\u00e9.<br \/>\nNos graphistes veillent \u00e0 une impression nette, durable et fid\u00e8le \u00e0 votre charte graphique.<br \/>\nR\u00e9sultat : vos clients se souviennent de vous longtemps.<\/p>\n<h2>Pourquoi choisir notre agence \u00e0 Orchies ?<\/h2>\n<p>Notre atelier, implant\u00e9 \u00e0 <strong>Orchies dans la P\u00e9v\u00e8le<\/strong>, privil\u00e9gie la qualit\u00e9 et la proximit\u00e9.<br \/>\nNous collaborons avec des fournisseurs fiables et des imprimeurs locaux.<br \/>\nCette approche nous permet d\u2019offrir des produits durables, respectueux de l\u2019environnement et conformes \u00e0 vos attentes.<\/p>\n<h3>Un service adapt\u00e9 aux TPE, PME, associations et collectivit\u00e9s<\/h3>\n<p>Nous comprenons les enjeux de chaque structure.<br \/>\nLes TPE recherchent la visibilit\u00e9, les PME la coh\u00e9rence, les associations la convivialit\u00e9, et les collectivit\u00e9s la valorisation de leur territoire.<br \/>\nNos <strong>objets publicitaires personnalis\u00e9s dans la P\u00e9v\u00e8le \u00e0 Orchies<\/strong> r\u00e9pondent \u00e0 toutes ces attentes, en s\u2019adaptant \u00e0 vos budgets et \u00e0 vos d\u00e9lais.<\/p>\n<h2>Des objets publicitaires pour rayonner dans les Hauts-de-France<\/h2>\n<p>Nos cr\u00e9ations circulent dans toute la r\u00e9gion : Lille, Valenciennes, Douai ou Arras.<br \/>\nElles contribuent \u00e0 d\u00e9velopper la notori\u00e9t\u00e9 des marques locales.<br \/>\nDistribu\u00e9s lors d\u2019\u00e9v\u00e9nements, salons ou campagnes, ces objets deviennent de v\u00e9ritables ambassadeurs de votre <a href=\"https:\/\/entreprendre-business.fr\/objet-publicitaire-tendance-pour-une-entreprise\/\">identit\u00e9<\/a>.<\/p>\n<h2>\ud83c\udfaf Contactez notre agence \u00e0 Orchies<\/h2>\n<p>Vous souhaitez offrir des <strong>objets publicitaires personnalis\u00e9s<\/strong> \u00e0 vos clients, adh\u00e9rents ou partenaires ?<br \/>\nContactez notre <strong>agence dans la P\u00e9v\u00e8le \u00e0 Orchies<\/strong> pour concevoir des supports uniques et percutants.<\/p>\n<p><a class=\"cta\" title=\"Contact objets publicitaires personnalis\u00e9s P\u00e9v\u00e8le Orchies\" href=\"https:\/\/com-n-connect.fr\/index.php\/devis-communication-web-print\/\">\ud83d\udc49 Demandez votre devis personnalis\u00e9 d\u00e8s maintenant<\/a>.<\/p>\n","protected":false},"excerpt":{"rendered":"<p>Des objets publicitaires personnalis\u00e9s pour tous les professionnels Les objets publicitaires personnalis\u00e9s sont de puissants outils de communication pour votre activit\u00e9 \u00e0 Orchies, en P\u00e9v\u00e8le ou ailleurs. Ils renforcent votre notori\u00e9t\u00e9, fid\u00e9lisent vos clients et valorisent votre marque. Install\u00e9e \u00e0 Orchies, au c\u0153ur de la P\u00e9v\u00e8le, notre agence propose une large gamme de produits personnalis\u00e9s [&hellip;]<\/p>\n","protected":false},"author":1,"featured_media":4910,"comment_status":"open","ping_status":"open","sticky":false,"template":"","format":"standard","meta":{"footnotes":""},"categories":[1],"tags":[],"class_list":["post-4909","post","type-post","status-publish","format-standard","has-post-thumbnail","hentry","category-non-classe"],"yoast_head":"<!-- This site is optimized with the Yoast SEO plugin v26.3 - https:\/\/yoast.com\/wordpress\/plugins\/seo\/ -->\n<title>Objets publicitaires personnalis\u00e9s P\u00e9v\u00e8le Orchies Hauts-de-France<\/title>\n<meta name=\"description\" content=\"Cr\u00e9ation d\u2019objets publicitaires personnalis\u00e9s \u00e0 Orchies, en P\u00e9v\u00e8le. Solutions pour TPE, PME, associations et collectivit\u00e9s en Hauts-de-France.\" \/>\n<meta name=\"robots\" content=\"index, follow, max-snippet:-1, max-image-preview:large, max-video-preview:-1\" \/>\n<link rel=\"canonical\" href=\"https:\/\/com-n-connect.fr\/index.php\/2025\/10\/08\/objets-publicitaires-personnalises-pevele-orchies\/\" \/>\n<meta property=\"og:locale\" content=\"fr_FR\" \/>\n<meta property=\"og:type\" content=\"article\" \/>\n<meta property=\"og:title\" content=\"Objets publicitaires personnalis\u00e9s P\u00e9v\u00e8le Orchies Hauts-de-France\" \/>\n<meta property=\"og:description\" content=\"Cr\u00e9ation d\u2019objets publicitaires personnalis\u00e9s \u00e0 Orchies, en P\u00e9v\u00e8le. Solutions pour TPE, PME, associations et collectivit\u00e9s en Hauts-de-France.\" \/>\n<meta property=\"og:url\" content=\"https:\/\/com-n-connect.fr\/index.php\/2025\/10\/08\/objets-publicitaires-personnalises-pevele-orchies\/\" \/>\n<meta property=\"og:site_name\" content=\"Com&amp;Connect\" \/>\n<meta property=\"article:publisher\" content=\"https:\/\/www.facebook.com\/comnconnect\" \/>\n<meta property=\"article:published_time\" content=\"2025-10-08T14:52:33+00:00\" \/>\n<meta property=\"article:modified_time\" content=\"2025-10-08T14:53:02+00:00\" \/>\n<meta property=\"og:image\" content=\"https:\/\/com-n-connect.fr\/wp-content\/uploads\/2025\/10\/fournitures-bureau-durables-fond-blanc_1203622-829.jpg\" \/>\n\t<meta property=\"og:image:width\" content=\"740\" \/>\n\t<meta property=\"og:image:height\" content=\"493\" \/>\n\t<meta property=\"og:image:type\" content=\"image\/jpeg\" \/>\n<meta name=\"author\" content=\"admin8450\" \/>\n<meta name=\"twitter:card\" content=\"summary_large_image\" \/>\n<meta name=\"twitter:label1\" content=\"\u00c9crit par\" \/>\n\t<meta name=\"twitter:data1\" content=\"admin8450\" \/>\n\t<meta name=\"twitter:label2\" content=\"Dur\u00e9e de lecture estim\u00e9e\" \/>\n\t<meta name=\"twitter:data2\" content=\"3 minutes\" \/>\n<script type=\"application\/ld+json\" class=\"yoast-schema-graph\">{\"@context\":\"https:\/\/schema.org\",\"@graph\":[{\"@type\":\"Article\",\"@id\":\"https:\/\/com-n-connect.fr\/index.php\/2025\/10\/08\/objets-publicitaires-personnalises-pevele-orchies\/#article\",\"isPartOf\":{\"@id\":\"https:\/\/com-n-connect.fr\/index.php\/2025\/10\/08\/objets-publicitaires-personnalises-pevele-orchies\/\"},\"author\":{\"name\":\"admin8450\",\"@id\":\"https:\/\/com-n-connect.fr\/#\/schema\/person\/fe8a1956628de420af3c609e3336dac2\"},\"headline\":\"\u276f Objets publicitaires personnalis\u00e9s dans la P\u00e9v\u00e8le \u00e0 Orchies : valorisez votre image locale\",\"datePublished\":\"2025-10-08T14:52:33+00:00\",\"dateModified\":\"2025-10-08T14:53:02+00:00\",\"mainEntityOfPage\":{\"@id\":\"https:\/\/com-n-connect.fr\/index.php\/2025\/10\/08\/objets-publicitaires-personnalises-pevele-orchies\/\"},\"wordCount\":410,\"commentCount\":0,\"publisher\":{\"@id\":\"https:\/\/com-n-connect.fr\/#organization\"},\"image\":{\"@id\":\"https:\/\/com-n-connect.fr\/index.php\/2025\/10\/08\/objets-publicitaires-personnalises-pevele-orchies\/#primaryimage\"},\"thumbnailUrl\":\"https:\/\/com-n-connect.fr\/wp-content\/uploads\/2025\/10\/fournitures-bureau-durables-fond-blanc_1203622-829.jpg\",\"inLanguage\":\"fr-FR\",\"potentialAction\":[{\"@type\":\"CommentAction\",\"name\":\"Comment\",\"target\":[\"https:\/\/com-n-connect.fr\/index.php\/2025\/10\/08\/objets-publicitaires-personnalises-pevele-orchies\/#respond\"]}]},{\"@type\":\"WebPage\",\"@id\":\"https:\/\/com-n-connect.fr\/index.php\/2025\/10\/08\/objets-publicitaires-personnalises-pevele-orchies\/\",\"url\":\"https:\/\/com-n-connect.fr\/index.php\/2025\/10\/08\/objets-publicitaires-personnalises-pevele-orchies\/\",\"name\":\"Objets publicitaires personnalis\u00e9s P\u00e9v\u00e8le Orchies Hauts-de-France\",\"isPartOf\":{\"@id\":\"https:\/\/com-n-connect.fr\/#website\"},\"primaryImageOfPage\":{\"@id\":\"https:\/\/com-n-connect.fr\/index.php\/2025\/10\/08\/objets-publicitaires-personnalises-pevele-orchies\/#primaryimage\"},\"image\":{\"@id\":\"https:\/\/com-n-connect.fr\/index.php\/2025\/10\/08\/objets-publicitaires-personnalises-pevele-orchies\/#primaryimage\"},\"thumbnailUrl\":\"https:\/\/com-n-connect.fr\/wp-content\/uploads\/2025\/10\/fournitures-bureau-durables-fond-blanc_1203622-829.jpg\",\"datePublished\":\"2025-10-08T14:52:33+00:00\",\"dateModified\":\"2025-10-08T14:53:02+00:00\",\"description\":\"Cr\u00e9ation d\u2019objets publicitaires personnalis\u00e9s \u00e0 Orchies, en P\u00e9v\u00e8le. Solutions pour TPE, PME, associations et collectivit\u00e9s en Hauts-de-France.\",\"breadcrumb\":{\"@id\":\"https:\/\/com-n-connect.fr\/index.php\/2025\/10\/08\/objets-publicitaires-personnalises-pevele-orchies\/#breadcrumb\"},\"inLanguage\":\"fr-FR\",\"potentialAction\":[{\"@type\":\"ReadAction\",\"target\":[\"https:\/\/com-n-connect.fr\/index.php\/2025\/10\/08\/objets-publicitaires-personnalises-pevele-orchies\/\"]}]},{\"@type\":\"ImageObject\",\"inLanguage\":\"fr-FR\",\"@id\":\"https:\/\/com-n-connect.fr\/index.php\/2025\/10\/08\/objets-publicitaires-personnalises-pevele-orchies\/#primaryimage\",\"url\":\"https:\/\/com-n-connect.fr\/wp-content\/uploads\/2025\/10\/fournitures-bureau-durables-fond-blanc_1203622-829.jpg\",\"contentUrl\":\"https:\/\/com-n-connect.fr\/wp-content\/uploads\/2025\/10\/fournitures-bureau-durables-fond-blanc_1203622-829.jpg\",\"width\":740,\"height\":493,\"caption\":\"objets publicitaires personnalis\u00e9s P\u00e9v\u00e8le Orchies\"},{\"@type\":\"BreadcrumbList\",\"@id\":\"https:\/\/com-n-connect.fr\/index.php\/2025\/10\/08\/objets-publicitaires-personnalises-pevele-orchies\/#breadcrumb\",\"itemListElement\":[{\"@type\":\"ListItem\",\"position\":1,\"name\":\"Accueil\",\"item\":\"https:\/\/com-n-connect.fr\/\"},{\"@type\":\"ListItem\",\"position\":2,\"name\":\"\u276f Objets publicitaires personnalis\u00e9s dans la P\u00e9v\u00e8le \u00e0 Orchies : valorisez votre image locale\"}]},{\"@type\":\"WebSite\",\"@id\":\"https:\/\/com-n-connect.fr\/#website\",\"url\":\"https:\/\/com-n-connect.fr\/\",\"name\":\"Com&Connect\",\"description\":\"L&#039;agence de communication id\u00e9ale pour tous vos projets Web &amp; Print !\",\"publisher\":{\"@id\":\"https:\/\/com-n-connect.fr\/#organization\"},\"alternateName\":\"Agence de communication Orchies\",\"potentialAction\":[{\"@type\":\"SearchAction\",\"target\":{\"@type\":\"EntryPoint\",\"urlTemplate\":\"https:\/\/com-n-connect.fr\/?s={search_term_string}\"},\"query-input\":{\"@type\":\"PropertyValueSpecification\",\"valueRequired\":true,\"valueName\":\"search_term_string\"}}],\"inLanguage\":\"fr-FR\"},{\"@type\":\"Organization\",\"@id\":\"https:\/\/com-n-connect.fr\/#organization\",\"name\":\"Com' & Connect\",\"alternateName\":\"Agence de communication\",\"url\":\"https:\/\/com-n-connect.fr\/\",\"logo\":{\"@type\":\"ImageObject\",\"inLanguage\":\"fr-FR\",\"@id\":\"https:\/\/com-n-connect.fr\/#\/schema\/logo\/image\/\",\"url\":\"https:\/\/com-n-connect.fr\/wp-content\/uploads\/2025\/05\/LOGOCC_gd-150x82-1.png\",\"contentUrl\":\"https:\/\/com-n-connect.fr\/wp-content\/uploads\/2025\/05\/LOGOCC_gd-150x82-1.png\",\"width\":150,\"height\":82,\"caption\":\"Com' & Connect\"},\"image\":{\"@id\":\"https:\/\/com-n-connect.fr\/#\/schema\/logo\/image\/\"},\"sameAs\":[\"https:\/\/www.facebook.com\/comnconnect\",\"https:\/\/www.linkedin.com\/in\/julien-pruvost-766200176\/\"]},{\"@type\":\"Person\",\"@id\":\"https:\/\/com-n-connect.fr\/#\/schema\/person\/fe8a1956628de420af3c609e3336dac2\",\"name\":\"admin8450\",\"image\":{\"@type\":\"ImageObject\",\"inLanguage\":\"fr-FR\",\"@id\":\"https:\/\/com-n-connect.fr\/#\/schema\/person\/image\/\",\"url\":\"https:\/\/secure.gravatar.com\/avatar\/e49d2e4686018c36bb146c962ae08b483a3139ed0689624092a178fd723d5e04?s=96&d=mm&r=g\",\"contentUrl\":\"https:\/\/secure.gravatar.com\/avatar\/e49d2e4686018c36bb146c962ae08b483a3139ed0689624092a178fd723d5e04?s=96&d=mm&r=g\",\"caption\":\"admin8450\"},\"sameAs\":[\"http:\/\/com-n-connect.fr\"],\"url\":\"https:\/\/com-n-connect.fr\/index.php\/author\/admin8450\/\"}]}<\/script>\n<!-- \/ Yoast SEO plugin. -->","yoast_head_json":{"title":"Objets publicitaires personnalis\u00e9s P\u00e9v\u00e8le Orchies Hauts-de-France","description":"Cr\u00e9ation d\u2019objets publicitaires personnalis\u00e9s \u00e0 Orchies, en P\u00e9v\u00e8le. Solutions pour TPE, PME, associations et collectivit\u00e9s en Hauts-de-France.","robots":{"index":"index","follow":"follow","max-snippet":"max-snippet:-1","max-image-preview":"max-image-preview:large","max-video-preview":"max-video-preview:-1"},"canonical":"https:\/\/com-n-connect.fr\/index.php\/2025\/10\/08\/objets-publicitaires-personnalises-pevele-orchies\/","og_locale":"fr_FR","og_type":"article","og_title":"Objets publicitaires personnalis\u00e9s P\u00e9v\u00e8le Orchies Hauts-de-France","og_description":"Cr\u00e9ation d\u2019objets publicitaires personnalis\u00e9s \u00e0 Orchies, en P\u00e9v\u00e8le. Solutions pour TPE, PME, associations et collectivit\u00e9s en Hauts-de-France.","og_url":"https:\/\/com-n-connect.fr\/index.php\/2025\/10\/08\/objets-publicitaires-personnalises-pevele-orchies\/","og_site_name":"Com&amp;Connect","article_publisher":"https:\/\/www.facebook.com\/comnconnect","article_published_time":"2025-10-08T14:52:33+00:00","article_modified_time":"2025-10-08T14:53:02+00:00","og_image":[{"width":740,"height":493,"url":"https:\/\/com-n-connect.fr\/wp-content\/uploads\/2025\/10\/fournitures-bureau-durables-fond-blanc_1203622-829.jpg","type":"image\/jpeg"}],"author":"admin8450","twitter_card":"summary_large_image","twitter_misc":{"\u00c9crit par":"admin8450","Dur\u00e9e de lecture estim\u00e9e":"3 minutes"},"schema":{"@context":"https:\/\/schema.org","@graph":[{"@type":"Article","@id":"https:\/\/com-n-connect.fr\/index.php\/2025\/10\/08\/objets-publicitaires-personnalises-pevele-orchies\/#article","isPartOf":{"@id":"https:\/\/com-n-connect.fr\/index.php\/2025\/10\/08\/objets-publicitaires-personnalises-pevele-orchies\/"},"author":{"name":"admin8450","@id":"https:\/\/com-n-connect.fr\/#\/schema\/person\/fe8a1956628de420af3c609e3336dac2"},"headline":"\u276f Objets publicitaires personnalis\u00e9s dans la P\u00e9v\u00e8le \u00e0 Orchies : valorisez votre image locale","datePublished":"2025-10-08T14:52:33+00:00","dateModified":"2025-10-08T14:53:02+00:00","mainEntityOfPage":{"@id":"https:\/\/com-n-connect.fr\/index.php\/2025\/10\/08\/objets-publicitaires-personnalises-pevele-orchies\/"},"wordCount":410,"commentCount":0,"publisher":{"@id":"https:\/\/com-n-connect.fr\/#organization"},"image":{"@id":"https:\/\/com-n-connect.fr\/index.php\/2025\/10\/08\/objets-publicitaires-personnalises-pevele-orchies\/#primaryimage"},"thumbnailUrl":"https:\/\/com-n-connect.fr\/wp-content\/uploads\/2025\/10\/fournitures-bureau-durables-fond-blanc_1203622-829.jpg","inLanguage":"fr-FR","potentialAction":[{"@type":"CommentAction","name":"Comment","target":["https:\/\/com-n-connect.fr\/index.php\/2025\/10\/08\/objets-publicitaires-personnalises-pevele-orchies\/#respond"]}]},{"@type":"WebPage","@id":"https:\/\/com-n-connect.fr\/index.php\/2025\/10\/08\/objets-publicitaires-personnalises-pevele-orchies\/","url":"https:\/\/com-n-connect.fr\/index.php\/2025\/10\/08\/objets-publicitaires-personnalises-pevele-orchies\/","name":"Objets publicitaires personnalis\u00e9s P\u00e9v\u00e8le Orchies Hauts-de-France","isPartOf":{"@id":"https:\/\/com-n-connect.fr\/#website"},"primaryImageOfPage":{"@id":"https:\/\/com-n-connect.fr\/index.php\/2025\/10\/08\/objets-publicitaires-personnalises-pevele-orchies\/#primaryimage"},"image":{"@id":"https:\/\/com-n-connect.fr\/index.php\/2025\/10\/08\/objets-publicitaires-personnalises-pevele-orchies\/#primaryimage"},"thumbnailUrl":"https:\/\/com-n-connect.fr\/wp-content\/uploads\/2025\/10\/fournitures-bureau-durables-fond-blanc_1203622-829.jpg","datePublished":"2025-10-08T14:52:33+00:00","dateModified":"2025-10-08T14:53:02+00:00","description":"Cr\u00e9ation d\u2019objets publicitaires personnalis\u00e9s \u00e0 Orchies, en P\u00e9v\u00e8le. Solutions pour TPE, PME, associations et collectivit\u00e9s en Hauts-de-France.","breadcrumb":{"@id":"https:\/\/com-n-connect.fr\/index.php\/2025\/10\/08\/objets-publicitaires-personnalises-pevele-orchies\/#breadcrumb"},"inLanguage":"fr-FR","potentialAction":[{"@type":"ReadAction","target":["https:\/\/com-n-connect.fr\/index.php\/2025\/10\/08\/objets-publicitaires-personnalises-pevele-orchies\/"]}]},{"@type":"ImageObject","inLanguage":"fr-FR","@id":"https:\/\/com-n-connect.fr\/index.php\/2025\/10\/08\/objets-publicitaires-personnalises-pevele-orchies\/#primaryimage","url":"https:\/\/com-n-connect.fr\/wp-content\/uploads\/2025\/10\/fournitures-bureau-durables-fond-blanc_1203622-829.jpg","contentUrl":"https:\/\/com-n-connect.fr\/wp-content\/uploads\/2025\/10\/fournitures-bureau-durables-fond-blanc_1203622-829.jpg","width":740,"height":493,"caption":"objets publicitaires personnalis\u00e9s P\u00e9v\u00e8le Orchies"},{"@type":"BreadcrumbList","@id":"https:\/\/com-n-connect.fr\/index.php\/2025\/10\/08\/objets-publicitaires-personnalises-pevele-orchies\/#breadcrumb","itemListElement":[{"@type":"ListItem","position":1,"name":"Accueil","item":"https:\/\/com-n-connect.fr\/"},{"@type":"ListItem","position":2,"name":"\u276f Objets publicitaires personnalis\u00e9s dans la P\u00e9v\u00e8le \u00e0 Orchies : valorisez votre image locale"}]},{"@type":"WebSite","@id":"https:\/\/com-n-connect.fr\/#website","url":"https:\/\/com-n-connect.fr\/","name":"Com&Connect","description":"L&#039;agence de communication id\u00e9ale pour tous vos projets Web &amp; Print !","publisher":{"@id":"https:\/\/com-n-connect.fr\/#organization"},"alternateName":"Agence de communication Orchies","potentialAction":[{"@type":"SearchAction","target":{"@type":"EntryPoint","urlTemplate":"https:\/\/com-n-connect.fr\/?s={search_term_string}"},"query-input":{"@type":"PropertyValueSpecification","valueRequired":true,"valueName":"search_term_string"}}],"inLanguage":"fr-FR"},{"@type":"Organization","@id":"https:\/\/com-n-connect.fr\/#organization","name":"Com' & Connect","alternateName":"Agence de communication","url":"https:\/\/com-n-connect.fr\/","logo":{"@type":"ImageObject","inLanguage":"fr-FR","@id":"https:\/\/com-n-connect.fr\/#\/schema\/logo\/image\/","url":"https:\/\/com-n-connect.fr\/wp-content\/uploads\/2025\/05\/LOGOCC_gd-150x82-1.png","contentUrl":"https:\/\/com-n-connect.fr\/wp-content\/uploads\/2025\/05\/LOGOCC_gd-150x82-1.png","width":150,"height":82,"caption":"Com' & Connect"},"image":{"@id":"https:\/\/com-n-connect.fr\/#\/schema\/logo\/image\/"},"sameAs":["https:\/\/www.facebook.com\/comnconnect","https:\/\/www.linkedin.com\/in\/julien-pruvost-766200176\/"]},{"@type":"Person","@id":"https:\/\/com-n-connect.fr\/#\/schema\/person\/fe8a1956628de420af3c609e3336dac2","name":"admin8450","image":{"@type":"ImageObject","inLanguage":"fr-FR","@id":"https:\/\/com-n-connect.fr\/#\/schema\/person\/image\/","url":"https:\/\/secure.gravatar.com\/avatar\/e49d2e4686018c36bb146c962ae08b483a3139ed0689624092a178fd723d5e04?s=96&d=mm&r=g","contentUrl":"https:\/\/secure.gravatar.com\/avatar\/e49d2e4686018c36bb146c962ae08b483a3139ed0689624092a178fd723d5e04?s=96&d=mm&r=g","caption":"admin8450"},"sameAs":["http:\/\/com-n-connect.fr"],"url":"https:\/\/com-n-connect.fr\/index.php\/author\/admin8450\/"}]}},"_links":{"self":[{"href":"https:\/\/com-n-connect.fr\/index.php\/wp-json\/wp\/v2\/posts\/4909","targetHints":{"allow":["GET"]}}],"collection":[{"href":"https:\/\/com-n-connect.fr\/index.php\/wp-json\/wp\/v2\/posts"}],"about":[{"href":"https:\/\/com-n-connect.fr\/index.php\/wp-json\/wp\/v2\/types\/post"}],"author":[{"embeddable":true,"href":"https:\/\/com-n-connect.fr\/index.php\/wp-json\/wp\/v2\/users\/1"}],"replies":[{"embeddable":true,"href":"https:\/\/com-n-connect.fr\/index.php\/wp-json\/wp\/v2\/comments?post=4909"}],"version-history":[{"count":2,"href":"https:\/\/com-n-connect.fr\/index.php\/wp-json\/wp\/v2\/posts\/4909\/revisions"}],"predecessor-version":[{"id":4912,"href":"https:\/\/com-n-connect.fr\/index.php\/wp-json\/wp\/v2\/posts\/4909\/revisions\/4912"}],"wp:featuredmedia":[{"embeddable":true,"href":"https:\/\/com-n-connect.fr\/index.php\/wp-json\/wp\/v2\/media\/4910"}],"wp:attachment":[{"href":"https:\/\/com-n-connect.fr\/index.php\/wp-json\/wp\/v2\/media?parent=4909"}],"wp:term":[{"taxonomy":"category","embeddable":true,"href":"https:\/\/com-n-connect.fr\/index.php\/wp-json\/wp\/v2\/categories?post=4909"},{"taxonomy":"post_tag","embeddable":true,"href":"https:\/\/com-n-connect.fr\/index.php\/wp-json\/wp\/v2\/tags?post=4909"}],"curies":[{"name":"wp","href":"https:\/\/api.w.org\/{rel}","templated":true}]}}