{"id":4863,"date":"2025-10-06T14:15:34","date_gmt":"2025-10-06T12:15:34","guid":{"rendered":"https:\/\/com-n-connect.fr\/?p=4863"},"modified":"2025-10-06T15:35:18","modified_gmt":"2025-10-06T13:35:18","slug":"agence-communication-web-digitale-print-orchies-pevele","status":"publish","type":"post","link":"https:\/\/com-n-connect.fr\/index.php\/2025\/10\/06\/agence-communication-web-digitale-print-orchies-pevele\/","title":{"rendered":"\u276f Agence de communication dans la P\u00e9v\u00e8le \u00e0 Orchies : web, digital et print pour booster votre visibilit\u00e9"},"content":{"rendered":"<article>\n<h2>Une agence de communication dans la P\u00e9v\u00e8le \u00e0 Orchies<\/h2>\n<p>Situ\u00e9e entre Lille, Valenciennes et Douai, notre <strong><a href=\"https:\/\/com-n-connect.fr\/index.php\/agence-et-support-de-communication\/\">agence de communication<\/a> dans la P\u00e9v\u00e8le \u00e0 Orchies<\/strong> accompagne les entreprises locales dans leur d\u00e9veloppement.<br \/>\nDans les <strong>Hauts-de-France<\/strong>, la concurrence est forte. Pour se d\u00e9marquer, il faut une communication claire, coh\u00e9rente et impactante.<br \/>\nNotre agence <a href=\"https:\/\/com-n-connect.fr\/index.php\/site-web-orchies-pevele\/gestion-association-joomla\/\">web<\/a>, digitale et print aide les marques \u00e0 cr\u00e9er une identit\u00e9 forte et \u00e0 gagner en visibilit\u00e9 sur tous les canaux.<\/p>\n<h2>Le r\u00f4le d\u2019une agence web dans la P\u00e9v\u00e8le \u00e0 Orchies<\/h2>\n<p>Une <strong>agence web \u00e0 Orchies<\/strong>, situ\u00e9e au c\u0153ur de la P\u00e9v\u00e8le, con\u00e7oit et optimise des sites internet performants.<br \/>\nElle travaille sur la structure, la rapidit\u00e9 et surtout le r\u00e9f\u00e9rencement naturel (SEO).<br \/>\nGr\u00e2ce \u00e0 une strat\u00e9gie de mots-cl\u00e9s locale, elle am\u00e9liore la visibilit\u00e9 sur Google et attire des clients situ\u00e9s dans la P\u00e9v\u00e8le, \u00e0 Orchies et dans tout le Nord.<\/p>\n<h3>R\u00e9f\u00e9rencement local et visibilit\u00e9 dans la P\u00e9v\u00e8le<\/h3>\n<p>Le <strong>r\u00e9f\u00e9rencement local<\/strong> est essentiel pour les entreprises de la P\u00e9v\u00e8le \u00e0 Orchies.<br \/>\nL\u2019agence optimise la fiche Google Business Profile et garantit la coh\u00e9rence des informations sur tous les supports.<\/p>\n<h2>L\u2019agence digitale au service de votre notori\u00e9t\u00e9 locale<\/h2>\n<p>Notre <strong>agence digitale \u00e0 Orchies<\/strong> g\u00e8re votre communication et vos campagnes publicitaires en ligne.<br \/>\nObjectif : renforcer votre notori\u00e9t\u00e9 et attirer de nouveaux clients dans les <strong>Hauts-de-France<\/strong>.<\/p>\n<h2>Le print, un pilier fort de la communication<\/h2>\n<p>M\u00eame \u00e0 l\u2019\u00e8re du num\u00e9rique, le <strong>print<\/strong> garde une place essentielle.<br \/>\nNotre con\u00e7oit des supports physiques : flyers, plaquettes, affiches et cartes de visite.<br \/>\nCes \u00e9l\u00e9ments soutiennent votre <a href=\"https:\/\/www.francenum.gouv.fr\/magazine-du-numerique\/la-digitalisation-des-tpe-un-acquis-pour-les-entreprises\">strat\u00e9gie digitale<\/a> et cr\u00e9ent une identit\u00e9 visuelle coh\u00e9rente.<\/p>\n<h2>Une approche locale et sur mesure<\/h2>\n<p>Faire appel \u00e0 une <strong>agence de communication dans la P\u00e9v\u00e8le \u00e0 Orchies<\/strong>, c\u2019est choisir un partenaire de proximit\u00e9.<br \/>\nNous connaissons le territoire, les acteurs \u00e9conomiques et les habitudes locales.<br \/>\nCette expertise nous permet d\u2019adapter nos strat\u00e9gies \u00e0 votre march\u00e9 et d\u2019obtenir des r\u00e9sultats concrets.<\/p>\n<h2>\ud83c\udfaf Contactez votre agence de communication dans la P\u00e9v\u00e8le \u00e0 Orchies<\/h2>\n<p>Vous souhaitez renforcer votre visibilit\u00e9 dans la <strong>P\u00e9v\u00e8le<\/strong> et les <strong>Hauts-de-France<\/strong> ?<br \/>\nNotre <strong>agence de communication <\/strong>met son expertise web, digitale et print \u00e0 votre service.<br \/>\nCr\u00e9ation de site, r\u00e9f\u00e9rencement SEO, supports imprim\u00e9s\u2026 nous vous accompagnons dans votre croissance locale.<\/p>\n<p><a class=\"cta\" title=\"Contactez notre agence de communication P\u00e9v\u00e8le Orchies\" href=\"https:\/\/com-n-connect.fr\/index.php\/devis-communication-web-print\/\">\ud83d\udc49 Contactez-nous d\u00e8s aujourd\u2019hui<\/a> pour donner plus d\u2019impact \u00e0 votre communication dans la P\u00e9v\u00e8le \u00e0 Orchies !<\/p>\n<\/article>\n","protected":false},"excerpt":{"rendered":"<p>Une agence de communication dans la P\u00e9v\u00e8le \u00e0 Orchies Situ\u00e9e entre Lille, Valenciennes et Douai, notre agence de communication dans la P\u00e9v\u00e8le \u00e0 Orchies accompagne les entreprises locales dans leur d\u00e9veloppement. Dans les Hauts-de-France, la concurrence est forte. Pour se d\u00e9marquer, il faut une communication claire, coh\u00e9rente et impactante. Notre agence web, digitale et print [&hellip;]<\/p>\n","protected":false},"author":1,"featured_media":4868,"comment_status":"open","ping_status":"open","sticky":false,"template":"","format":"standard","meta":{"footnotes":""},"categories":[1],"tags":[],"class_list":["post-4863","post","type-post","status-publish","format-standard","has-post-thumbnail","hentry","category-non-classe"],"yoast_head":"<!-- This site is optimized with the Yoast SEO plugin v26.3 - https:\/\/yoast.com\/wordpress\/plugins\/seo\/ -->\n<title>Agence de communication P\u00e9v\u00e8le \u00e0 Orchies \u2013 Web, digital, print<\/title>\n<meta name=\"description\" content=\"Agence de communication P\u00e9v\u00e8le \u00e0 Orchies : web, digital et print pour d\u00e9velopper votre visibilit\u00e9 dans les Hauts-de-France.\" \/>\n<meta name=\"robots\" content=\"index, follow, max-snippet:-1, max-image-preview:large, max-video-preview:-1\" \/>\n<link rel=\"canonical\" href=\"https:\/\/com-n-connect.fr\/index.php\/2025\/10\/06\/agence-communication-web-digitale-print-orchies-pevele\/\" \/>\n<meta property=\"og:locale\" content=\"fr_FR\" \/>\n<meta property=\"og:type\" content=\"article\" \/>\n<meta property=\"og:title\" content=\"Agence de communication P\u00e9v\u00e8le \u00e0 Orchies \u2013 Web, digital, print\" \/>\n<meta property=\"og:description\" content=\"Agence de communication P\u00e9v\u00e8le \u00e0 Orchies : web, digital et print pour d\u00e9velopper votre visibilit\u00e9 dans les Hauts-de-France.\" \/>\n<meta property=\"og:url\" content=\"https:\/\/com-n-connect.fr\/index.php\/2025\/10\/06\/agence-communication-web-digitale-print-orchies-pevele\/\" \/>\n<meta property=\"og:site_name\" content=\"Com&amp;Connect\" \/>\n<meta property=\"article:publisher\" content=\"https:\/\/www.facebook.com\/comnconnect\" \/>\n<meta property=\"article:published_time\" content=\"2025-10-06T12:15:34+00:00\" \/>\n<meta property=\"article:modified_time\" content=\"2025-10-06T13:35:18+00:00\" \/>\n<meta property=\"og:image\" content=\"https:\/\/com-n-connect.fr\/wp-content\/uploads\/2025\/10\/agence-de-communication.jpg\" \/>\n\t<meta property=\"og:image:width\" content=\"1000\" \/>\n\t<meta property=\"og:image:height\" content=\"667\" \/>\n\t<meta property=\"og:image:type\" content=\"image\/jpeg\" \/>\n<meta name=\"author\" content=\"admin8450\" \/>\n<meta name=\"twitter:card\" content=\"summary_large_image\" \/>\n<meta name=\"twitter:label1\" content=\"\u00c9crit par\" \/>\n\t<meta name=\"twitter:data1\" content=\"admin8450\" \/>\n\t<meta name=\"twitter:label2\" content=\"Dur\u00e9e de lecture estim\u00e9e\" \/>\n\t<meta name=\"twitter:data2\" content=\"3 minutes\" \/>\n<script type=\"application\/ld+json\" class=\"yoast-schema-graph\">{\"@context\":\"https:\/\/schema.org\",\"@graph\":[{\"@type\":\"Article\",\"@id\":\"https:\/\/com-n-connect.fr\/index.php\/2025\/10\/06\/agence-communication-web-digitale-print-orchies-pevele\/#article\",\"isPartOf\":{\"@id\":\"https:\/\/com-n-connect.fr\/index.php\/2025\/10\/06\/agence-communication-web-digitale-print-orchies-pevele\/\"},\"author\":{\"name\":\"admin8450\",\"@id\":\"https:\/\/com-n-connect.fr\/#\/schema\/person\/fe8a1956628de420af3c609e3336dac2\"},\"headline\":\"\u276f Agence de communication dans la P\u00e9v\u00e8le \u00e0 Orchies : web, digital et print pour booster votre visibilit\u00e9\",\"datePublished\":\"2025-10-06T12:15:34+00:00\",\"dateModified\":\"2025-10-06T13:35:18+00:00\",\"mainEntityOfPage\":{\"@id\":\"https:\/\/com-n-connect.fr\/index.php\/2025\/10\/06\/agence-communication-web-digitale-print-orchies-pevele\/\"},\"wordCount\":437,\"commentCount\":0,\"publisher\":{\"@id\":\"https:\/\/com-n-connect.fr\/#organization\"},\"image\":{\"@id\":\"https:\/\/com-n-connect.fr\/index.php\/2025\/10\/06\/agence-communication-web-digitale-print-orchies-pevele\/#primaryimage\"},\"thumbnailUrl\":\"https:\/\/com-n-connect.fr\/wp-content\/uploads\/2025\/10\/agence-de-communication.jpg\",\"inLanguage\":\"fr-FR\",\"potentialAction\":[{\"@type\":\"CommentAction\",\"name\":\"Comment\",\"target\":[\"https:\/\/com-n-connect.fr\/index.php\/2025\/10\/06\/agence-communication-web-digitale-print-orchies-pevele\/#respond\"]}]},{\"@type\":\"WebPage\",\"@id\":\"https:\/\/com-n-connect.fr\/index.php\/2025\/10\/06\/agence-communication-web-digitale-print-orchies-pevele\/\",\"url\":\"https:\/\/com-n-connect.fr\/index.php\/2025\/10\/06\/agence-communication-web-digitale-print-orchies-pevele\/\",\"name\":\"Agence de communication P\u00e9v\u00e8le \u00e0 Orchies \u2013 Web, digital, print\",\"isPartOf\":{\"@id\":\"https:\/\/com-n-connect.fr\/#website\"},\"primaryImageOfPage\":{\"@id\":\"https:\/\/com-n-connect.fr\/index.php\/2025\/10\/06\/agence-communication-web-digitale-print-orchies-pevele\/#primaryimage\"},\"image\":{\"@id\":\"https:\/\/com-n-connect.fr\/index.php\/2025\/10\/06\/agence-communication-web-digitale-print-orchies-pevele\/#primaryimage\"},\"thumbnailUrl\":\"https:\/\/com-n-connect.fr\/wp-content\/uploads\/2025\/10\/agence-de-communication.jpg\",\"datePublished\":\"2025-10-06T12:15:34+00:00\",\"dateModified\":\"2025-10-06T13:35:18+00:00\",\"description\":\"Agence de communication P\u00e9v\u00e8le \u00e0 Orchies : web, digital et print pour d\u00e9velopper votre visibilit\u00e9 dans les Hauts-de-France.\",\"breadcrumb\":{\"@id\":\"https:\/\/com-n-connect.fr\/index.php\/2025\/10\/06\/agence-communication-web-digitale-print-orchies-pevele\/#breadcrumb\"},\"inLanguage\":\"fr-FR\",\"potentialAction\":[{\"@type\":\"ReadAction\",\"target\":[\"https:\/\/com-n-connect.fr\/index.php\/2025\/10\/06\/agence-communication-web-digitale-print-orchies-pevele\/\"]}]},{\"@type\":\"ImageObject\",\"inLanguage\":\"fr-FR\",\"@id\":\"https:\/\/com-n-connect.fr\/index.php\/2025\/10\/06\/agence-communication-web-digitale-print-orchies-pevele\/#primaryimage\",\"url\":\"https:\/\/com-n-connect.fr\/wp-content\/uploads\/2025\/10\/agence-de-communication.jpg\",\"contentUrl\":\"https:\/\/com-n-connect.fr\/wp-content\/uploads\/2025\/10\/agence-de-communication.jpg\",\"width\":1000,\"height\":667,\"caption\":\"agence de communication P\u00e9v\u00e8le Orchies\"},{\"@type\":\"BreadcrumbList\",\"@id\":\"https:\/\/com-n-connect.fr\/index.php\/2025\/10\/06\/agence-communication-web-digitale-print-orchies-pevele\/#breadcrumb\",\"itemListElement\":[{\"@type\":\"ListItem\",\"position\":1,\"name\":\"Accueil\",\"item\":\"https:\/\/com-n-connect.fr\/\"},{\"@type\":\"ListItem\",\"position\":2,\"name\":\"\u276f Agence de communication dans la P\u00e9v\u00e8le \u00e0 Orchies : web, digital et print pour booster votre visibilit\u00e9\"}]},{\"@type\":\"WebSite\",\"@id\":\"https:\/\/com-n-connect.fr\/#website\",\"url\":\"https:\/\/com-n-connect.fr\/\",\"name\":\"Com&Connect\",\"description\":\"L&#039;agence de communication id\u00e9ale pour tous vos projets Web &amp; Print !\",\"publisher\":{\"@id\":\"https:\/\/com-n-connect.fr\/#organization\"},\"alternateName\":\"Agence de communication Orchies\",\"potentialAction\":[{\"@type\":\"SearchAction\",\"target\":{\"@type\":\"EntryPoint\",\"urlTemplate\":\"https:\/\/com-n-connect.fr\/?s={search_term_string}\"},\"query-input\":{\"@type\":\"PropertyValueSpecification\",\"valueRequired\":true,\"valueName\":\"search_term_string\"}}],\"inLanguage\":\"fr-FR\"},{\"@type\":\"Organization\",\"@id\":\"https:\/\/com-n-connect.fr\/#organization\",\"name\":\"Com' & Connect\",\"alternateName\":\"Agence de communication\",\"url\":\"https:\/\/com-n-connect.fr\/\",\"logo\":{\"@type\":\"ImageObject\",\"inLanguage\":\"fr-FR\",\"@id\":\"https:\/\/com-n-connect.fr\/#\/schema\/logo\/image\/\",\"url\":\"https:\/\/com-n-connect.fr\/wp-content\/uploads\/2025\/05\/LOGOCC_gd-150x82-1.png\",\"contentUrl\":\"https:\/\/com-n-connect.fr\/wp-content\/uploads\/2025\/05\/LOGOCC_gd-150x82-1.png\",\"width\":150,\"height\":82,\"caption\":\"Com' & Connect\"},\"image\":{\"@id\":\"https:\/\/com-n-connect.fr\/#\/schema\/logo\/image\/\"},\"sameAs\":[\"https:\/\/www.facebook.com\/comnconnect\",\"https:\/\/www.linkedin.com\/in\/julien-pruvost-766200176\/\"]},{\"@type\":\"Person\",\"@id\":\"https:\/\/com-n-connect.fr\/#\/schema\/person\/fe8a1956628de420af3c609e3336dac2\",\"name\":\"admin8450\",\"image\":{\"@type\":\"ImageObject\",\"inLanguage\":\"fr-FR\",\"@id\":\"https:\/\/com-n-connect.fr\/#\/schema\/person\/image\/\",\"url\":\"https:\/\/secure.gravatar.com\/avatar\/e49d2e4686018c36bb146c962ae08b483a3139ed0689624092a178fd723d5e04?s=96&d=mm&r=g\",\"contentUrl\":\"https:\/\/secure.gravatar.com\/avatar\/e49d2e4686018c36bb146c962ae08b483a3139ed0689624092a178fd723d5e04?s=96&d=mm&r=g\",\"caption\":\"admin8450\"},\"sameAs\":[\"http:\/\/com-n-connect.fr\"],\"url\":\"https:\/\/com-n-connect.fr\/index.php\/author\/admin8450\/\"}]}<\/script>\n<!-- \/ Yoast SEO plugin. -->","yoast_head_json":{"title":"Agence de communication P\u00e9v\u00e8le \u00e0 Orchies \u2013 Web, digital, print","description":"Agence de communication P\u00e9v\u00e8le \u00e0 Orchies : web, digital et print pour d\u00e9velopper votre visibilit\u00e9 dans les Hauts-de-France.","robots":{"index":"index","follow":"follow","max-snippet":"max-snippet:-1","max-image-preview":"max-image-preview:large","max-video-preview":"max-video-preview:-1"},"canonical":"https:\/\/com-n-connect.fr\/index.php\/2025\/10\/06\/agence-communication-web-digitale-print-orchies-pevele\/","og_locale":"fr_FR","og_type":"article","og_title":"Agence de communication P\u00e9v\u00e8le \u00e0 Orchies \u2013 Web, digital, print","og_description":"Agence de communication P\u00e9v\u00e8le \u00e0 Orchies : web, digital et print pour d\u00e9velopper votre visibilit\u00e9 dans les Hauts-de-France.","og_url":"https:\/\/com-n-connect.fr\/index.php\/2025\/10\/06\/agence-communication-web-digitale-print-orchies-pevele\/","og_site_name":"Com&amp;Connect","article_publisher":"https:\/\/www.facebook.com\/comnconnect","article_published_time":"2025-10-06T12:15:34+00:00","article_modified_time":"2025-10-06T13:35:18+00:00","og_image":[{"width":1000,"height":667,"url":"https:\/\/com-n-connect.fr\/wp-content\/uploads\/2025\/10\/agence-de-communication.jpg","type":"image\/jpeg"}],"author":"admin8450","twitter_card":"summary_large_image","twitter_misc":{"\u00c9crit par":"admin8450","Dur\u00e9e de lecture estim\u00e9e":"3 minutes"},"schema":{"@context":"https:\/\/schema.org","@graph":[{"@type":"Article","@id":"https:\/\/com-n-connect.fr\/index.php\/2025\/10\/06\/agence-communication-web-digitale-print-orchies-pevele\/#article","isPartOf":{"@id":"https:\/\/com-n-connect.fr\/index.php\/2025\/10\/06\/agence-communication-web-digitale-print-orchies-pevele\/"},"author":{"name":"admin8450","@id":"https:\/\/com-n-connect.fr\/#\/schema\/person\/fe8a1956628de420af3c609e3336dac2"},"headline":"\u276f Agence de communication dans la P\u00e9v\u00e8le \u00e0 Orchies : web, digital et print pour booster votre visibilit\u00e9","datePublished":"2025-10-06T12:15:34+00:00","dateModified":"2025-10-06T13:35:18+00:00","mainEntityOfPage":{"@id":"https:\/\/com-n-connect.fr\/index.php\/2025\/10\/06\/agence-communication-web-digitale-print-orchies-pevele\/"},"wordCount":437,"commentCount":0,"publisher":{"@id":"https:\/\/com-n-connect.fr\/#organization"},"image":{"@id":"https:\/\/com-n-connect.fr\/index.php\/2025\/10\/06\/agence-communication-web-digitale-print-orchies-pevele\/#primaryimage"},"thumbnailUrl":"https:\/\/com-n-connect.fr\/wp-content\/uploads\/2025\/10\/agence-de-communication.jpg","inLanguage":"fr-FR","potentialAction":[{"@type":"CommentAction","name":"Comment","target":["https:\/\/com-n-connect.fr\/index.php\/2025\/10\/06\/agence-communication-web-digitale-print-orchies-pevele\/#respond"]}]},{"@type":"WebPage","@id":"https:\/\/com-n-connect.fr\/index.php\/2025\/10\/06\/agence-communication-web-digitale-print-orchies-pevele\/","url":"https:\/\/com-n-connect.fr\/index.php\/2025\/10\/06\/agence-communication-web-digitale-print-orchies-pevele\/","name":"Agence de communication P\u00e9v\u00e8le \u00e0 Orchies \u2013 Web, digital, print","isPartOf":{"@id":"https:\/\/com-n-connect.fr\/#website"},"primaryImageOfPage":{"@id":"https:\/\/com-n-connect.fr\/index.php\/2025\/10\/06\/agence-communication-web-digitale-print-orchies-pevele\/#primaryimage"},"image":{"@id":"https:\/\/com-n-connect.fr\/index.php\/2025\/10\/06\/agence-communication-web-digitale-print-orchies-pevele\/#primaryimage"},"thumbnailUrl":"https:\/\/com-n-connect.fr\/wp-content\/uploads\/2025\/10\/agence-de-communication.jpg","datePublished":"2025-10-06T12:15:34+00:00","dateModified":"2025-10-06T13:35:18+00:00","description":"Agence de communication P\u00e9v\u00e8le \u00e0 Orchies : web, digital et print pour d\u00e9velopper votre visibilit\u00e9 dans les Hauts-de-France.","breadcrumb":{"@id":"https:\/\/com-n-connect.fr\/index.php\/2025\/10\/06\/agence-communication-web-digitale-print-orchies-pevele\/#breadcrumb"},"inLanguage":"fr-FR","potentialAction":[{"@type":"ReadAction","target":["https:\/\/com-n-connect.fr\/index.php\/2025\/10\/06\/agence-communication-web-digitale-print-orchies-pevele\/"]}]},{"@type":"ImageObject","inLanguage":"fr-FR","@id":"https:\/\/com-n-connect.fr\/index.php\/2025\/10\/06\/agence-communication-web-digitale-print-orchies-pevele\/#primaryimage","url":"https:\/\/com-n-connect.fr\/wp-content\/uploads\/2025\/10\/agence-de-communication.jpg","contentUrl":"https:\/\/com-n-connect.fr\/wp-content\/uploads\/2025\/10\/agence-de-communication.jpg","width":1000,"height":667,"caption":"agence de communication P\u00e9v\u00e8le Orchies"},{"@type":"BreadcrumbList","@id":"https:\/\/com-n-connect.fr\/index.php\/2025\/10\/06\/agence-communication-web-digitale-print-orchies-pevele\/#breadcrumb","itemListElement":[{"@type":"ListItem","position":1,"name":"Accueil","item":"https:\/\/com-n-connect.fr\/"},{"@type":"ListItem","position":2,"name":"\u276f Agence de communication dans la P\u00e9v\u00e8le \u00e0 Orchies : web, digital et print pour booster votre visibilit\u00e9"}]},{"@type":"WebSite","@id":"https:\/\/com-n-connect.fr\/#website","url":"https:\/\/com-n-connect.fr\/","name":"Com&Connect","description":"L&#039;agence de communication id\u00e9ale pour tous vos projets Web &amp; Print !","publisher":{"@id":"https:\/\/com-n-connect.fr\/#organization"},"alternateName":"Agence de communication Orchies","potentialAction":[{"@type":"SearchAction","target":{"@type":"EntryPoint","urlTemplate":"https:\/\/com-n-connect.fr\/?s={search_term_string}"},"query-input":{"@type":"PropertyValueSpecification","valueRequired":true,"valueName":"search_term_string"}}],"inLanguage":"fr-FR"},{"@type":"Organization","@id":"https:\/\/com-n-connect.fr\/#organization","name":"Com' & Connect","alternateName":"Agence de communication","url":"https:\/\/com-n-connect.fr\/","logo":{"@type":"ImageObject","inLanguage":"fr-FR","@id":"https:\/\/com-n-connect.fr\/#\/schema\/logo\/image\/","url":"https:\/\/com-n-connect.fr\/wp-content\/uploads\/2025\/05\/LOGOCC_gd-150x82-1.png","contentUrl":"https:\/\/com-n-connect.fr\/wp-content\/uploads\/2025\/05\/LOGOCC_gd-150x82-1.png","width":150,"height":82,"caption":"Com' & Connect"},"image":{"@id":"https:\/\/com-n-connect.fr\/#\/schema\/logo\/image\/"},"sameAs":["https:\/\/www.facebook.com\/comnconnect","https:\/\/www.linkedin.com\/in\/julien-pruvost-766200176\/"]},{"@type":"Person","@id":"https:\/\/com-n-connect.fr\/#\/schema\/person\/fe8a1956628de420af3c609e3336dac2","name":"admin8450","image":{"@type":"ImageObject","inLanguage":"fr-FR","@id":"https:\/\/com-n-connect.fr\/#\/schema\/person\/image\/","url":"https:\/\/secure.gravatar.com\/avatar\/e49d2e4686018c36bb146c962ae08b483a3139ed0689624092a178fd723d5e04?s=96&d=mm&r=g","contentUrl":"https:\/\/secure.gravatar.com\/avatar\/e49d2e4686018c36bb146c962ae08b483a3139ed0689624092a178fd723d5e04?s=96&d=mm&r=g","caption":"admin8450"},"sameAs":["http:\/\/com-n-connect.fr"],"url":"https:\/\/com-n-connect.fr\/index.php\/author\/admin8450\/"}]}},"_links":{"self":[{"href":"https:\/\/com-n-connect.fr\/index.php\/wp-json\/wp\/v2\/posts\/4863","targetHints":{"allow":["GET"]}}],"collection":[{"href":"https:\/\/com-n-connect.fr\/index.php\/wp-json\/wp\/v2\/posts"}],"about":[{"href":"https:\/\/com-n-connect.fr\/index.php\/wp-json\/wp\/v2\/types\/post"}],"author":[{"embeddable":true,"href":"https:\/\/com-n-connect.fr\/index.php\/wp-json\/wp\/v2\/users\/1"}],"replies":[{"embeddable":true,"href":"https:\/\/com-n-connect.fr\/index.php\/wp-json\/wp\/v2\/comments?post=4863"}],"version-history":[{"count":5,"href":"https:\/\/com-n-connect.fr\/index.php\/wp-json\/wp\/v2\/posts\/4863\/revisions"}],"predecessor-version":[{"id":4869,"href":"https:\/\/com-n-connect.fr\/index.php\/wp-json\/wp\/v2\/posts\/4863\/revisions\/4869"}],"wp:featuredmedia":[{"embeddable":true,"href":"https:\/\/com-n-connect.fr\/index.php\/wp-json\/wp\/v2\/media\/4868"}],"wp:attachment":[{"href":"https:\/\/com-n-connect.fr\/index.php\/wp-json\/wp\/v2\/media?parent=4863"}],"wp:term":[{"taxonomy":"category","embeddable":true,"href":"https:\/\/com-n-connect.fr\/index.php\/wp-json\/wp\/v2\/categories?post=4863"},{"taxonomy":"post_tag","embeddable":true,"href":"https:\/\/com-n-connect.fr\/index.php\/wp-json\/wp\/v2\/tags?post=4863"}],"curies":[{"name":"wp","href":"https:\/\/api.w.org\/{rel}","templated":true}]}}